{"id":7585,"date":"2024-03-07T07:25:27","date_gmt":"2024-03-07T07:25:27","guid":{"rendered":"https:\/\/pratikinsankaynaklari.com\/what-is-inclusivity-in-the-workplace\/"},"modified":"2024-03-07T07:25:27","modified_gmt":"2024-03-07T07:25:27","slug":"what-is-inclusivity-in-the-workplace","status":"publish","type":"post","link":"https:\/\/pratikinsankaynaklari.com\/en\/what-is-inclusivity-in-the-workplace\/","title":{"rendered":"What is Inclusivity in the Workplace?"},"content":{"rendered":"<p>In the workplace, inclusivity refers to recognizing and valuing the fact that everyone in a work environment comes from diverse backgrounds, possesses different characteristics, talents, and perspectives, and integrating these attributes in a meaningful way. Inclusivity is based on the principles of diversity and equality.<\/p>\n<p>Inclusivity aims to create a culture where everyone is represented equally by accepting and appreciating the differences and unique traits of employees. This includes all sorts of differences such as race, gender, age, ethnic background, sexual orientation, gender identity, disability status, religious beliefs, or other categories of difference.<\/p>\n<p>Inclusivity allows employees to express themselves, contribute, and fully realize their potential. In an environment where everyone has equal access to opportunities and is evaluated on an equal basis, employees are more motivated, their creativity increases, and they perform better.<\/p>\n<p>Creating an inclusive work environment offers numerous advantages, such as benefiting from diverse perspectives, encouraging innovation, reducing issues arising from diversity, and accessing a broader talent pool in recruitment. Additionally, inclusivity increases employee satisfaction and strengthens company culture.<\/p>\n<p>Inclusivity requires companies to review their policies and practices, follow an equitable recruitment process, provide diversity training to employees, adopt zero tolerance policies towards discrimination, and encourage leaders to promote diversity and inclusivity.<\/p>\n","protected":false},"excerpt":{"rendered":"<p>In the workplace, inclusivity refers to recognizing and valuing the fact that everyone in a work environment comes from diverse backgrounds, possesses different characteristics, talents, and perspectives, and integrating these attributes in a meaningful way. Inclusivity is based on the principles of diversity and equality. Inclusivity aims to create a culture where everyone is represented equally by accepting and appreciating the differences and unique traits of employees. This includes all[&hellip;]<\/p>\n","protected":false},"author":1,"featured_media":7025,"comment_status":"open","ping_status":"open","sticky":false,"template":"","format":"standard","meta":{"_acf_changed":false,"footnotes":""},"categories":[49],"tags":[],"class_list":["post-7585","post","type-post","status-publish","format-standard","has-post-thumbnail","hentry","category-blog"],"acf":[],"yoast_head":"<!-- This site is optimized with the Yoast SEO plugin v27.3 - https:\/\/yoast.com\/product\/yoast-seo-wordpress\/ -->\n<title>What is Inclusivity in the Workplace? - Pratik \u0130nsan Kaynaklar\u0131<\/title>\n<meta name=\"description\" content=\"What is Inclusivity in the Workplace? adl\u0131 yaz\u0131m\u0131z\u0131 okumak i\u00e7in hemen t\u0131klay\u0131n!\" \/>\n<meta name=\"robots\" content=\"index, follow, max-snippet:-1, max-image-preview:large, max-video-preview:-1\" \/>\n<link rel=\"canonical\" href=\"https:\/\/pratikinsankaynaklari.com\/en\/what-is-inclusivity-in-the-workplace\/\" \/>\n<meta property=\"og:locale\" content=\"en_US\" \/>\n<meta property=\"og:type\" content=\"article\" \/>\n<meta property=\"og:title\" content=\"What is Inclusivity in the Workplace? - Pratik \u0130nsan Kaynaklar\u0131\" \/>\n<meta property=\"og:description\" content=\"What is Inclusivity in the Workplace? adl\u0131 yaz\u0131m\u0131z\u0131 okumak i\u00e7in hemen t\u0131klay\u0131n!\" \/>\n<meta property=\"og:url\" content=\"https:\/\/pratikinsankaynaklari.com\/en\/what-is-inclusivity-in-the-workplace\/\" \/>\n<meta property=\"og:site_name\" content=\"Pratik \u0130nsan Kaynaklar\u0131\" \/>\n<meta property=\"article:published_time\" content=\"2024-03-07T07:25:27+00:00\" \/>\n<meta property=\"og:image\" content=\"https:\/\/pratikinsankaynaklari.com\/wp-content\/uploads\/2025\/04\/Pratik-IK-Sablon-Kopyasi-5-2.png\" \/>\n\t<meta property=\"og:image:width\" content=\"720\" \/>\n\t<meta property=\"og:image:height\" content=\"356\" \/>\n\t<meta property=\"og:image:type\" content=\"image\/png\" \/>\n<meta name=\"author\" content=\"admin\" \/>\n<meta name=\"twitter:card\" content=\"summary_large_image\" \/>\n<meta name=\"twitter:label1\" content=\"Written by\" \/>\n\t<meta name=\"twitter:data1\" content=\"admin\" \/>\n\t<meta name=\"twitter:label2\" content=\"Est. reading time\" \/>\n\t<meta name=\"twitter:data2\" content=\"2 minutes\" \/>\n<script type=\"application\/ld+json\" class=\"yoast-schema-graph\">{\"@context\":\"https:\\\/\\\/schema.org\",\"@graph\":[{\"@type\":\"Article\",\"@id\":\"https:\\\/\\\/pratikinsankaynaklari.com\\\/en\\\/what-is-inclusivity-in-the-workplace\\\/#article\",\"isPartOf\":{\"@id\":\"https:\\\/\\\/pratikinsankaynaklari.com\\\/en\\\/what-is-inclusivity-in-the-workplace\\\/\"},\"author\":{\"name\":\"admin\",\"@id\":\"https:\\\/\\\/pratikinsankaynaklari.com\\\/en\\\/#\\\/schema\\\/person\\\/5d1d54ceb1e54e628e821e7d213fe0f4\"},\"headline\":\"What is Inclusivity in the Workplace?\",\"datePublished\":\"2024-03-07T07:25:27+00:00\",\"mainEntityOfPage\":{\"@id\":\"https:\\\/\\\/pratikinsankaynaklari.com\\\/en\\\/what-is-inclusivity-in-the-workplace\\\/\"},\"wordCount\":210,\"commentCount\":0,\"image\":{\"@id\":\"https:\\\/\\\/pratikinsankaynaklari.com\\\/en\\\/what-is-inclusivity-in-the-workplace\\\/#primaryimage\"},\"thumbnailUrl\":\"https:\\\/\\\/pratikinsankaynaklari.com\\\/wp-content\\\/uploads\\\/2025\\\/04\\\/Pratik-IK-Sablon-Kopyasi-5-2.png\",\"articleSection\":[\"Blog\"],\"inLanguage\":\"en-US\",\"potentialAction\":[{\"@type\":\"CommentAction\",\"name\":\"Comment\",\"target\":[\"https:\\\/\\\/pratikinsankaynaklari.com\\\/en\\\/what-is-inclusivity-in-the-workplace\\\/#respond\"]}]},{\"@type\":\"WebPage\",\"@id\":\"https:\\\/\\\/pratikinsankaynaklari.com\\\/en\\\/what-is-inclusivity-in-the-workplace\\\/\",\"url\":\"https:\\\/\\\/pratikinsankaynaklari.com\\\/en\\\/what-is-inclusivity-in-the-workplace\\\/\",\"name\":\"What is Inclusivity in the Workplace? - Pratik \u0130nsan Kaynaklar\u0131\",\"isPartOf\":{\"@id\":\"https:\\\/\\\/pratikinsankaynaklari.com\\\/en\\\/#website\"},\"primaryImageOfPage\":{\"@id\":\"https:\\\/\\\/pratikinsankaynaklari.com\\\/en\\\/what-is-inclusivity-in-the-workplace\\\/#primaryimage\"},\"image\":{\"@id\":\"https:\\\/\\\/pratikinsankaynaklari.com\\\/en\\\/what-is-inclusivity-in-the-workplace\\\/#primaryimage\"},\"thumbnailUrl\":\"https:\\\/\\\/pratikinsankaynaklari.com\\\/wp-content\\\/uploads\\\/2025\\\/04\\\/Pratik-IK-Sablon-Kopyasi-5-2.png\",\"datePublished\":\"2024-03-07T07:25:27+00:00\",\"author\":{\"@id\":\"https:\\\/\\\/pratikinsankaynaklari.com\\\/en\\\/#\\\/schema\\\/person\\\/5d1d54ceb1e54e628e821e7d213fe0f4\"},\"description\":\"What is Inclusivity in the Workplace? adl\u0131 yaz\u0131m\u0131z\u0131 okumak i\u00e7in hemen t\u0131klay\u0131n!\",\"breadcrumb\":{\"@id\":\"https:\\\/\\\/pratikinsankaynaklari.com\\\/en\\\/what-is-inclusivity-in-the-workplace\\\/#breadcrumb\"},\"inLanguage\":\"en-US\",\"potentialAction\":[{\"@type\":\"ReadAction\",\"target\":[\"https:\\\/\\\/pratikinsankaynaklari.com\\\/en\\\/what-is-inclusivity-in-the-workplace\\\/\"]}]},{\"@type\":\"ImageObject\",\"inLanguage\":\"en-US\",\"@id\":\"https:\\\/\\\/pratikinsankaynaklari.com\\\/en\\\/what-is-inclusivity-in-the-workplace\\\/#primaryimage\",\"url\":\"https:\\\/\\\/pratikinsankaynaklari.com\\\/wp-content\\\/uploads\\\/2025\\\/04\\\/Pratik-IK-Sablon-Kopyasi-5-2.png\",\"contentUrl\":\"https:\\\/\\\/pratikinsankaynaklari.com\\\/wp-content\\\/uploads\\\/2025\\\/04\\\/Pratik-IK-Sablon-Kopyasi-5-2.png\",\"width\":720,\"height\":356},{\"@type\":\"BreadcrumbList\",\"@id\":\"https:\\\/\\\/pratikinsankaynaklari.com\\\/en\\\/what-is-inclusivity-in-the-workplace\\\/#breadcrumb\",\"itemListElement\":[{\"@type\":\"ListItem\",\"position\":1,\"name\":\"Home\",\"item\":\"https:\\\/\\\/pratikinsankaynaklari.com\\\/en\\\/\"},{\"@type\":\"ListItem\",\"position\":2,\"name\":\"What is Inclusivity in the Workplace?\"}]},{\"@type\":\"WebSite\",\"@id\":\"https:\\\/\\\/pratikinsankaynaklari.com\\\/en\\\/#website\",\"url\":\"https:\\\/\\\/pratikinsankaynaklari.com\\\/en\\\/\",\"name\":\"Pratik \u0130nsan Kaynaklar\u0131\",\"description\":\"\",\"potentialAction\":[{\"@type\":\"SearchAction\",\"target\":{\"@type\":\"EntryPoint\",\"urlTemplate\":\"https:\\\/\\\/pratikinsankaynaklari.com\\\/en\\\/?s={search_term_string}\"},\"query-input\":{\"@type\":\"PropertyValueSpecification\",\"valueRequired\":true,\"valueName\":\"search_term_string\"}}],\"inLanguage\":\"en-US\"},{\"@type\":\"Person\",\"@id\":\"https:\\\/\\\/pratikinsankaynaklari.com\\\/en\\\/#\\\/schema\\\/person\\\/5d1d54ceb1e54e628e821e7d213fe0f4\",\"name\":\"admin\",\"image\":{\"@type\":\"ImageObject\",\"inLanguage\":\"en-US\",\"@id\":\"https:\\\/\\\/secure.gravatar.com\\\/avatar\\\/33e54dec0cd79fc4b5e911c15f836c46ec8d0e452ecd3ca5f707bce0a3540a3b?s=96&d=mm&r=g\",\"url\":\"https:\\\/\\\/secure.gravatar.com\\\/avatar\\\/33e54dec0cd79fc4b5e911c15f836c46ec8d0e452ecd3ca5f707bce0a3540a3b?s=96&d=mm&r=g\",\"contentUrl\":\"https:\\\/\\\/secure.gravatar.com\\\/avatar\\\/33e54dec0cd79fc4b5e911c15f836c46ec8d0e452ecd3ca5f707bce0a3540a3b?s=96&d=mm&r=g\",\"caption\":\"admin\"},\"sameAs\":[\"https:\\\/\\\/pratikinsankaynaklari.com\"]}]}<\/script>\n<!-- \/ Yoast SEO plugin. -->","yoast_head_json":{"title":"What is Inclusivity in the Workplace? - Pratik \u0130nsan Kaynaklar\u0131","description":"What is Inclusivity in the Workplace? adl\u0131 yaz\u0131m\u0131z\u0131 okumak i\u00e7in hemen t\u0131klay\u0131n!","robots":{"index":"index","follow":"follow","max-snippet":"max-snippet:-1","max-image-preview":"max-image-preview:large","max-video-preview":"max-video-preview:-1"},"canonical":"https:\/\/pratikinsankaynaklari.com\/en\/what-is-inclusivity-in-the-workplace\/","og_locale":"en_US","og_type":"article","og_title":"What is Inclusivity in the Workplace? - Pratik \u0130nsan Kaynaklar\u0131","og_description":"What is Inclusivity in the Workplace? adl\u0131 yaz\u0131m\u0131z\u0131 okumak i\u00e7in hemen t\u0131klay\u0131n!","og_url":"https:\/\/pratikinsankaynaklari.com\/en\/what-is-inclusivity-in-the-workplace\/","og_site_name":"Pratik \u0130nsan Kaynaklar\u0131","article_published_time":"2024-03-07T07:25:27+00:00","og_image":[{"width":720,"height":356,"url":"https:\/\/pratikinsankaynaklari.com\/wp-content\/uploads\/2025\/04\/Pratik-IK-Sablon-Kopyasi-5-2.png","type":"image\/png"}],"author":"admin","twitter_card":"summary_large_image","twitter_misc":{"Written by":"admin","Est. reading time":"2 minutes"},"schema":{"@context":"https:\/\/schema.org","@graph":[{"@type":"Article","@id":"https:\/\/pratikinsankaynaklari.com\/en\/what-is-inclusivity-in-the-workplace\/#article","isPartOf":{"@id":"https:\/\/pratikinsankaynaklari.com\/en\/what-is-inclusivity-in-the-workplace\/"},"author":{"name":"admin","@id":"https:\/\/pratikinsankaynaklari.com\/en\/#\/schema\/person\/5d1d54ceb1e54e628e821e7d213fe0f4"},"headline":"What is Inclusivity in the Workplace?","datePublished":"2024-03-07T07:25:27+00:00","mainEntityOfPage":{"@id":"https:\/\/pratikinsankaynaklari.com\/en\/what-is-inclusivity-in-the-workplace\/"},"wordCount":210,"commentCount":0,"image":{"@id":"https:\/\/pratikinsankaynaklari.com\/en\/what-is-inclusivity-in-the-workplace\/#primaryimage"},"thumbnailUrl":"https:\/\/pratikinsankaynaklari.com\/wp-content\/uploads\/2025\/04\/Pratik-IK-Sablon-Kopyasi-5-2.png","articleSection":["Blog"],"inLanguage":"en-US","potentialAction":[{"@type":"CommentAction","name":"Comment","target":["https:\/\/pratikinsankaynaklari.com\/en\/what-is-inclusivity-in-the-workplace\/#respond"]}]},{"@type":"WebPage","@id":"https:\/\/pratikinsankaynaklari.com\/en\/what-is-inclusivity-in-the-workplace\/","url":"https:\/\/pratikinsankaynaklari.com\/en\/what-is-inclusivity-in-the-workplace\/","name":"What is Inclusivity in the Workplace? - Pratik \u0130nsan Kaynaklar\u0131","isPartOf":{"@id":"https:\/\/pratikinsankaynaklari.com\/en\/#website"},"primaryImageOfPage":{"@id":"https:\/\/pratikinsankaynaklari.com\/en\/what-is-inclusivity-in-the-workplace\/#primaryimage"},"image":{"@id":"https:\/\/pratikinsankaynaklari.com\/en\/what-is-inclusivity-in-the-workplace\/#primaryimage"},"thumbnailUrl":"https:\/\/pratikinsankaynaklari.com\/wp-content\/uploads\/2025\/04\/Pratik-IK-Sablon-Kopyasi-5-2.png","datePublished":"2024-03-07T07:25:27+00:00","author":{"@id":"https:\/\/pratikinsankaynaklari.com\/en\/#\/schema\/person\/5d1d54ceb1e54e628e821e7d213fe0f4"},"description":"What is Inclusivity in the Workplace? adl\u0131 yaz\u0131m\u0131z\u0131 okumak i\u00e7in hemen t\u0131klay\u0131n!","breadcrumb":{"@id":"https:\/\/pratikinsankaynaklari.com\/en\/what-is-inclusivity-in-the-workplace\/#breadcrumb"},"inLanguage":"en-US","potentialAction":[{"@type":"ReadAction","target":["https:\/\/pratikinsankaynaklari.com\/en\/what-is-inclusivity-in-the-workplace\/"]}]},{"@type":"ImageObject","inLanguage":"en-US","@id":"https:\/\/pratikinsankaynaklari.com\/en\/what-is-inclusivity-in-the-workplace\/#primaryimage","url":"https:\/\/pratikinsankaynaklari.com\/wp-content\/uploads\/2025\/04\/Pratik-IK-Sablon-Kopyasi-5-2.png","contentUrl":"https:\/\/pratikinsankaynaklari.com\/wp-content\/uploads\/2025\/04\/Pratik-IK-Sablon-Kopyasi-5-2.png","width":720,"height":356},{"@type":"BreadcrumbList","@id":"https:\/\/pratikinsankaynaklari.com\/en\/what-is-inclusivity-in-the-workplace\/#breadcrumb","itemListElement":[{"@type":"ListItem","position":1,"name":"Home","item":"https:\/\/pratikinsankaynaklari.com\/en\/"},{"@type":"ListItem","position":2,"name":"What is Inclusivity in the Workplace?"}]},{"@type":"WebSite","@id":"https:\/\/pratikinsankaynaklari.com\/en\/#website","url":"https:\/\/pratikinsankaynaklari.com\/en\/","name":"Pratik \u0130nsan Kaynaklar\u0131","description":"","potentialAction":[{"@type":"SearchAction","target":{"@type":"EntryPoint","urlTemplate":"https:\/\/pratikinsankaynaklari.com\/en\/?s={search_term_string}"},"query-input":{"@type":"PropertyValueSpecification","valueRequired":true,"valueName":"search_term_string"}}],"inLanguage":"en-US"},{"@type":"Person","@id":"https:\/\/pratikinsankaynaklari.com\/en\/#\/schema\/person\/5d1d54ceb1e54e628e821e7d213fe0f4","name":"admin","image":{"@type":"ImageObject","inLanguage":"en-US","@id":"https:\/\/secure.gravatar.com\/avatar\/33e54dec0cd79fc4b5e911c15f836c46ec8d0e452ecd3ca5f707bce0a3540a3b?s=96&d=mm&r=g","url":"https:\/\/secure.gravatar.com\/avatar\/33e54dec0cd79fc4b5e911c15f836c46ec8d0e452ecd3ca5f707bce0a3540a3b?s=96&d=mm&r=g","contentUrl":"https:\/\/secure.gravatar.com\/avatar\/33e54dec0cd79fc4b5e911c15f836c46ec8d0e452ecd3ca5f707bce0a3540a3b?s=96&d=mm&r=g","caption":"admin"},"sameAs":["https:\/\/pratikinsankaynaklari.com"]}]}},"_links":{"self":[{"href":"https:\/\/pratikinsankaynaklari.com\/en\/wp-json\/wp\/v2\/posts\/7585","targetHints":{"allow":["GET"]}}],"collection":[{"href":"https:\/\/pratikinsankaynaklari.com\/en\/wp-json\/wp\/v2\/posts"}],"about":[{"href":"https:\/\/pratikinsankaynaklari.com\/en\/wp-json\/wp\/v2\/types\/post"}],"author":[{"embeddable":true,"href":"https:\/\/pratikinsankaynaklari.com\/en\/wp-json\/wp\/v2\/users\/1"}],"replies":[{"embeddable":true,"href":"https:\/\/pratikinsankaynaklari.com\/en\/wp-json\/wp\/v2\/comments?post=7585"}],"version-history":[{"count":0,"href":"https:\/\/pratikinsankaynaklari.com\/en\/wp-json\/wp\/v2\/posts\/7585\/revisions"}],"wp:featuredmedia":[{"embeddable":true,"href":"https:\/\/pratikinsankaynaklari.com\/en\/wp-json\/wp\/v2\/media\/7025"}],"wp:attachment":[{"href":"https:\/\/pratikinsankaynaklari.com\/en\/wp-json\/wp\/v2\/media?parent=7585"}],"wp:term":[{"taxonomy":"category","embeddable":true,"href":"https:\/\/pratikinsankaynaklari.com\/en\/wp-json\/wp\/v2\/categories?post=7585"},{"taxonomy":"post_tag","embeddable":true,"href":"https:\/\/pratikinsankaynaklari.com\/en\/wp-json\/wp\/v2\/tags?post=7585"}],"curies":[{"name":"wp","href":"https:\/\/api.w.org\/{rel}","templated":true}]}}